{"id":3213,"date":"2021-08-12T14:21:53","date_gmt":"2021-08-12T12:21:53","guid":{"rendered":"https:\/\/dsc-preussen.de\/hockey\/?p=3213"},"modified":"2021-11-26T08:06:48","modified_gmt":"2021-11-26T07:06:48","slug":"fussball-und-hockey-dsc-preussen-sv-duissern-neuer-platz-dank-kooperation","status":"publish","type":"post","link":"https:\/\/dsc-preussen.de\/hockey\/2021\/08\/12\/fussball-und-hockey-dsc-preussen-sv-duissern-neuer-platz-dank-kooperation\/","title":{"rendered":"Fu\u00dfball und Hockey- DSC Preu\u00dfen &amp; SV Duissern: Neuer Platz dank Kooperation."},"content":{"rendered":"<p>Oliver Kuschnick (Fu\u00dfball-Abteilungsleiter Preu\u00dfen), Christian Rausch (Preu\u00dfen-Hauptvorstand), Philipp Seefeldt (Fu\u00dfball-Obmann SVD), Stefan Damm (2. Vorsitzender SVD) und Hans-Werner M\u00fcller (rund um das Rasenpflegeger\u00e4t von links) sowie die Kids der beiden Vereine freuen sich \u00fcber den neuen Kunstrasen.\u00a0Foto:\u00a0Michael Dahlke \/ FUNKE Foto Services Duisburg.<\/p>\n<p><img loading=\"lazy\" decoding=\"async\" class=\"alignnone size-full wp-image-2756\" src=\"http:\/\/dsc-preussen.de\/tennis\/wp-content\/uploads\/sites\/3\/2021\/08\/0A583783-6D39-4A96-BC77-C4124D5FD389.jpeg\" alt=\"\" width=\"1200\" height=\"675\" \/><\/p>\n<p><a href=\"https:\/\/www.nrz.de\/sport\/lokalsport\/duisburg\/dsc-preussen-und-sv-duissern-neuer-platz-dank-kooperation-id232985933.html\">https:\/\/www.nrz.de\/sport\/lokalsport\/duisburg\/dsc-preussen-und-sv-duissern-neuer-platz-dank-kooperation-id232985933.html<\/a><\/p>\n<p>&nbsp;<\/p>\n<p>&nbsp;<\/p>\n","protected":false},"excerpt":{"rendered":"<p>Oliver Kuschnick (Fu\u00dfball-Abteilungsleiter Preu\u00dfen), Christian Rausch (Preu\u00dfen-Hauptvorstand), Philipp Seefeldt (Fu\u00dfball-Obmann SVD), Stefan Damm (2. Vorsitzender SVD) und Hans-Werner M\u00fcller (rund<\/p>\n","protected":false},"author":2,"featured_media":3054,"comment_status":"closed","ping_status":"open","sticky":false,"template":"","format":"standard","meta":{"colormag_page_container_layout":"default_layout","colormag_page_sidebar_layout":"default_layout","_price":"","_stock":"","_tribe_ticket_header":"","_tribe_default_ticket_provider":"","_tribe_ticket_capacity":"0","_ticket_start_date":"","_ticket_end_date":"","_tribe_ticket_show_description":"","_tribe_ticket_show_not_going":false,"_tribe_ticket_use_global_stock":"","_tribe_ticket_global_stock_level":"","_global_stock_mode":"","_global_stock_cap":"","_tribe_rsvp_for_event":"","_tribe_ticket_going_count":"","_tribe_ticket_not_going_count":"","_tribe_tickets_list":"[]","_tribe_ticket_has_attendee_info_fields":false,"footnotes":"","_links_to":"","_links_to_target":""},"categories":[1,55,25,38],"tags":[],"class_list":["post-3213","post","type-post","status-publish","format-standard","has-post-thumbnail","hentry","category-allgemein","category-gesamtverein","category-hockey","category-projekt-kunstrasenplatz"],"_links":{"self":[{"href":"https:\/\/dsc-preussen.de\/hockey\/wp-json\/wp\/v2\/posts\/3213","targetHints":{"allow":["GET"]}}],"collection":[{"href":"https:\/\/dsc-preussen.de\/hockey\/wp-json\/wp\/v2\/posts"}],"about":[{"href":"https:\/\/dsc-preussen.de\/hockey\/wp-json\/wp\/v2\/types\/post"}],"author":[{"embeddable":true,"href":"https:\/\/dsc-preussen.de\/hockey\/wp-json\/wp\/v2\/users\/2"}],"replies":[{"embeddable":true,"href":"https:\/\/dsc-preussen.de\/hockey\/wp-json\/wp\/v2\/comments?post=3213"}],"version-history":[{"count":1,"href":"https:\/\/dsc-preussen.de\/hockey\/wp-json\/wp\/v2\/posts\/3213\/revisions"}],"predecessor-version":[{"id":3215,"href":"https:\/\/dsc-preussen.de\/hockey\/wp-json\/wp\/v2\/posts\/3213\/revisions\/3215"}],"wp:featuredmedia":[{"embeddable":true,"href":"https:\/\/dsc-preussen.de\/hockey\/wp-json\/wp\/v2\/media\/3054"}],"wp:attachment":[{"href":"https:\/\/dsc-preussen.de\/hockey\/wp-json\/wp\/v2\/media?parent=3213"}],"wp:term":[{"taxonomy":"category","embeddable":true,"href":"https:\/\/dsc-preussen.de\/hockey\/wp-json\/wp\/v2\/categories?post=3213"},{"taxonomy":"post_tag","embeddable":true,"href":"https:\/\/dsc-preussen.de\/hockey\/wp-json\/wp\/v2\/tags?post=3213"}],"curies":[{"name":"wp","href":"https:\/\/api.w.org\/{rel}","templated":true}]}}